{"id":1863,"date":"2020-06-15T13:38:28","date_gmt":"2020-06-15T13:38:28","guid":{"rendered":"https:\/\/www.campingepibleu.com\/?p=1863"},"modified":"2020-06-17T12:55:26","modified_gmt":"2020-06-17T12:55:26","slug":"agenda-des-manifestations-dans-le-luberon","status":"publish","type":"post","link":"https:\/\/www.campingepibleu.com\/fr\/actualites\/agenda-des-manifestations-dans-le-luberon\/","title":{"rendered":"Agenda des manifestations dans le Lub\u00e9ron"},"content":{"rendered":"<p>Entre les f\u00eates votives, les f\u00eates traditionnelles et les \u00e9v\u00e9nements mettant \u00e0 l\u2019honneur les produits du terroir ou le patrimoine, l\u2019agenda est riche en <a href=\"\/fr\/region-aux-portes-du-luberon-en-provence\/\">Lub\u00e9ron<\/a>, et ce tout au long de l\u2019ann\u00e9e ! D\u00e9couvrez les rendez-vous \u00e0 ne pas manquer si vous s\u00e9journez en <a href=\"\/fr\/\">camping dans le Lub\u00e9ron<\/a>.<\/p>\n<h2>Les f\u00eates votives<\/h2>\n<p>Les f\u00eates votives ou patronales, typiques de Provence, sont organis\u00e9es pour honorer le saint-patron de chaque village. Tr\u00e8s suivie dans le Lub\u00e9ron, cette tradition est l\u2019occasion de faire revivre des savoir-faire et de se retrouver autour de nombreux jeux et animations. Le d\u00e9roulement d\u2019une f\u00eate votive comprend des incontournables : la pr\u00e9sence d\u2019attractions foraines, le rassemblement autour d\u2019un grand repas campagnard, l\u2019organisation d\u2019un concours de p\u00e9tanque et d\u2019une tombola, ainsi qu\u2019un bal en soir\u00e9e. Elles se d\u00e9roulent de mai \u00e0 octobre, avec un nombre de f\u00eates plus important en juillet et en ao\u00fbt.<\/p>\n<h2>La f\u00eate de la lavande \u00e0 Sault<\/h2>\n<p>Tous les ans au 15 ao\u00fbt, la f\u00eate de la lavande \u00e0 Sault est l\u2019occasion de faire revivre les traditions proven\u00e7ales au rythme de la musique et des danses folklorique. Le traditionnel concours de coupeurs est un incontournable. Apr\u00e8s le repas champ\u00eatre, l\u2019apr\u00e8s-midi se poursuit sur des d\u00e9monstrations de m\u00e9tiers anciens, de costumes traditionnels et d\u2019art.<\/p>\n<h2>La f\u00e9ria du melon \u00e0 Cavaillon<\/h2>\n<p>La f\u00eate du melon se d\u00e9roule chaque ann\u00e9e au mois de juillet : des festivit\u00e9s sucr\u00e9es et juteuses autour de cette cucurbitac\u00e9e gourmande qui fait la r\u00e9putation de la ville. La f\u00eate comprend un march\u00e9 au melon, des d\u00e9gustations, des d\u00e9fil\u00e9s de chevaux sauvages et des l\u00e2chers de taureaux, le tout au rythme des bodegas.<\/p>\n<h2>Les foires de Manosque<\/h2>\n<p>La capitale du Lub\u00e9ron organise deux foires annuelles, l\u2019une au printemps \u00e0 la fin du mois de mars, l\u2019autre pour la Saint-Pancrace au mois de mai. Tr\u00e8s r\u00e9put\u00e9es, les foires de Manosque sont l\u2019occasion pour les plus jeunes de profiter d\u2019une f\u00eate foraine sur la place des Terreaux. De nombreuses animations sont organis\u00e9es dans la ville durant les week-ends de foire.<\/p>\n<h2>L\u2019Orange Ventoux Classic<\/h2>\n<p>Rallye organis\u00e9 sur le mont Ventoux au mois d\u2019avril, l\u2019Orange Ventoux Classic r\u00e9unit sur un circuit des pilotes de course au volant de mod\u00e8les automobiles historiques. L\u2019\u00e9v\u00e9nement est l\u2019occasion d\u2019assister aussi, en plus de la course sur route ferm\u00e9e, \u00e0 un rassemblement de v\u00e9hicule ancien.<br \/>\n&nbsp;<br \/>\n<iframe width=\"100%\" height=\"315\" src=\"https:\/\/www.youtube.com\/embed\/zflU335Wyec\" frameborder=\"0\" allow=\"accelerometer; autoplay; encrypted-media; gyroscope; picture-in-picture\" allowfullscreen><\/iframe><\/p>\n<h2>La f\u00eate du fromage de Banon<\/h2>\n<p>Depuis pr\u00e8s de 30 ans, Banon c\u00e9l\u00e8bre son c\u00e9l\u00e8bre fromage envelopp\u00e9 dans des feuilles de ch\u00e2taigniers. Cette manifestation gastronomique a lieu chaque ann\u00e9e le troisi\u00e8me dimanche de mai : elle est l\u2019occasion de d\u00e9guster ces fameux fromages au lait de ch\u00e8vre AOP, mais aussi de profiter de nombreuses animations et d\u00e9monstrations d\u2019artisanat.<\/p>\n<h2>Les f\u00eates de Lagnes : pistou et traction animale<\/h2>\n<p>Lagnes organise chaque ann\u00e9e plusieurs f\u00eates populaires. \u00c0 ne pas manquer, celle d\u00e9di\u00e9e au pistou et celle d\u00e9di\u00e9e \u00e0 la traction animale. La f\u00eate du pistou a lieu fin juillet, et c\u00e9l\u00e8bre la sauce typiquement proven\u00e7ale \u00e9labor\u00e9e \u00e0 base de basilic, d\u2019ail et d\u2019huile d\u2019olive. Elle se d\u00e9roule sur une journ\u00e9e, avec un vide-greniers, des animations pour les enfants, des concerts, une soupe au pistou et un bal. La journ\u00e9e de la traction animale met \u00e0 l\u2019honneur les techniques agricoles ancestrales. Au d\u00e9but de l\u2019automne, elle consiste en un concours d\u2019attelage autour de plusieurs \u00e9preuves agricoles. Des animations familiales sont propos\u00e9es en parall\u00e8le.<\/p>\n<h2>La f\u00eate de la terre et des vieux m\u00e9tiers<\/h2>\n<p>\u00c0 Saint-Saturnin-l\u00e8s-Apt, la f\u00eate de la terre et des vieux m\u00e9tiers est aussi l\u2019occasion de mettre \u00e0 l\u2019honneur des techniques et savoir-faire ruraux ancestraux. On y d\u00e9couvre les traditions paysannes du Lub\u00e9ron, \u00e0 travers des d\u00e9monstrations vari\u00e9es de moissonnage, de labour, de confection du pain, de ferronnerie ou de lavage du linge \u00e0 l\u2019ancienne. Un rendez-vous incontournable en Lub\u00e9ron au d\u00e9but du mois d\u2019ao\u00fbt.<\/p>\n<h2>Les nocturnes et soir\u00e9es d\u2019\u00e9t\u00e9<\/h2>\n<p>Amateurs de musique, de th\u00e9\u00e2tre ou de danse, de nombreux festivals artistiques ont aussi lieu en Lub\u00e9ron. Pour vous divertir en soir\u00e9e, cap sur Gordes et ses soir\u00e9es d\u2019\u00e9t\u00e9, sur les nocturnes de Lauris, ou encore sur les concerts organis\u00e9s dans les mines d\u2019ocre de Bruoux : un cadre pittoresque pour des moments inoubliables et originaux.<\/p>\n","protected":false},"excerpt":{"rendered":"","protected":false},"author":2,"featured_media":1864,"comment_status":"closed","ping_status":"closed","sticky":false,"template":"","format":"standard","meta":[],"categories":[31],"tags":[],"acf":[],"yoast_head":"<!-- This site is optimized with the Yoast SEO plugin v20.1 - https:\/\/yoast.com\/wordpress\/plugins\/seo\/ -->\n<title>Fete Luberon : Agenda des f\u00eates et \u00e9v\u00e8nements dans le Lub\u00e9ron<\/title>\n<meta name=\"description\" content=\"Envie d&#039;assister \u00e0 un \u00e9v\u00e8nement ou une fete dans le Lub\u00e9ron ? D\u00e9couvrez l&#039;agenda des f\u00eates et \u00e9v\u00e8ements du Lub\u00e9ron pour vos vacances !\" \/>\n<meta name=\"robots\" content=\"index, follow, max-snippet:-1, max-image-preview:large, max-video-preview:-1\" \/>\n<link rel=\"canonical\" href=\"https:\/\/www.campingepibleu.com\/fr\/actualites\/agenda-des-manifestations-dans-le-luberon\/\" \/>\n<meta property=\"og:locale\" content=\"fr_FR\" \/>\n<meta property=\"og:type\" content=\"article\" \/>\n<meta property=\"og:title\" content=\"Fete Luberon : Agenda des f\u00eates et \u00e9v\u00e8nements dans le Lub\u00e9ron\" \/>\n<meta property=\"og:description\" content=\"Envie d&#039;assister \u00e0 un \u00e9v\u00e8nement ou une fete dans le Lub\u00e9ron ? D\u00e9couvrez l&#039;agenda des f\u00eates et \u00e9v\u00e8ements du Lub\u00e9ron pour vos vacances !\" \/>\n<meta property=\"og:url\" content=\"https:\/\/www.campingepibleu.com\/fr\/actualites\/agenda-des-manifestations-dans-le-luberon\/\" \/>\n<meta property=\"og:site_name\" content=\"Camping Epi Bleu\" \/>\n<meta property=\"article:publisher\" content=\"https:\/\/www.facebook.com\/CAMPING-CARAVANING-lEPI-BLEU--265609693477491\/\" \/>\n<meta property=\"article:published_time\" content=\"2020-06-15T13:38:28+00:00\" \/>\n<meta property=\"article:modified_time\" content=\"2020-06-17T12:55:26+00:00\" \/>\n<meta property=\"og:image\" content=\"https:\/\/www.campingepibleu.com\/wp-content\/uploads\/2020\/06\/fete-luberon.jpg\" \/>\n\t<meta property=\"og:image:width\" content=\"1905\" \/>\n\t<meta property=\"og:image:height\" content=\"471\" \/>\n\t<meta property=\"og:image:type\" content=\"image\/jpeg\" \/>\n<meta name=\"author\" content=\"@dmin64\" \/>\n<meta name=\"twitter:card\" content=\"summary_large_image\" \/>\n<meta name=\"twitter:label1\" content=\"\u00c9crit par\" \/>\n\t<meta name=\"twitter:data1\" content=\"@dmin64\" \/>\n\t<meta name=\"twitter:label2\" content=\"Dur\u00e9e de lecture estim\u00e9e\" \/>\n\t<meta name=\"twitter:data2\" content=\"4 minutes\" \/>\n<script type=\"application\/ld+json\" class=\"yoast-schema-graph\">{\"@context\":\"https:\/\/schema.org\",\"@graph\":[{\"@type\":\"Article\",\"@id\":\"https:\/\/www.campingepibleu.com\/fr\/actualites\/agenda-des-manifestations-dans-le-luberon\/#article\",\"isPartOf\":{\"@id\":\"https:\/\/www.campingepibleu.com\/fr\/actualites\/agenda-des-manifestations-dans-le-luberon\/\"},\"author\":{\"name\":\"@dmin64\",\"@id\":\"https:\/\/www.campingepibleu.com\/fr\/#\/schema\/person\/5b63b4b80bdebc00044563432229e186\"},\"headline\":\"Agenda des manifestations dans le Lub\u00e9ron\",\"datePublished\":\"2020-06-15T13:38:28+00:00\",\"dateModified\":\"2020-06-17T12:55:26+00:00\",\"mainEntityOfPage\":{\"@id\":\"https:\/\/www.campingepibleu.com\/fr\/actualites\/agenda-des-manifestations-dans-le-luberon\/\"},\"wordCount\":810,\"publisher\":{\"@id\":\"https:\/\/www.campingepibleu.com\/fr\/#organization\"},\"articleSection\":[\"Actualit\u00e9s\"],\"inLanguage\":\"fr-FR\"},{\"@type\":\"WebPage\",\"@id\":\"https:\/\/www.campingepibleu.com\/fr\/actualites\/agenda-des-manifestations-dans-le-luberon\/\",\"url\":\"https:\/\/www.campingepibleu.com\/fr\/actualites\/agenda-des-manifestations-dans-le-luberon\/\",\"name\":\"Fete Luberon : Agenda des f\u00eates et \u00e9v\u00e8nements dans le Lub\u00e9ron\",\"isPartOf\":{\"@id\":\"https:\/\/www.campingepibleu.com\/fr\/#website\"},\"datePublished\":\"2020-06-15T13:38:28+00:00\",\"dateModified\":\"2020-06-17T12:55:26+00:00\",\"description\":\"Envie d'assister \u00e0 un \u00e9v\u00e8nement ou une fete dans le Lub\u00e9ron ? D\u00e9couvrez l'agenda des f\u00eates et \u00e9v\u00e8ements du Lub\u00e9ron pour vos vacances !\",\"breadcrumb\":{\"@id\":\"https:\/\/www.campingepibleu.com\/fr\/actualites\/agenda-des-manifestations-dans-le-luberon\/#breadcrumb\"},\"inLanguage\":\"fr-FR\",\"potentialAction\":[{\"@type\":\"ReadAction\",\"target\":[\"https:\/\/www.campingepibleu.com\/fr\/actualites\/agenda-des-manifestations-dans-le-luberon\/\"]}]},{\"@type\":\"BreadcrumbList\",\"@id\":\"https:\/\/www.campingepibleu.com\/fr\/actualites\/agenda-des-manifestations-dans-le-luberon\/#breadcrumb\",\"itemListElement\":[{\"@type\":\"ListItem\",\"position\":1,\"name\":\"Camping Luberon\",\"item\":\"https:\/\/www.campingepibleu.com\/fr\/\"},{\"@type\":\"ListItem\",\"position\":2,\"name\":\"Actualit\u00e9s\",\"item\":\"https:\/\/www.campingepibleu.com\/fr\/actualites\/\"},{\"@type\":\"ListItem\",\"position\":3,\"name\":\"Agenda des manifestations dans le Lub\u00e9ron\"}]},{\"@type\":\"WebSite\",\"@id\":\"https:\/\/www.campingepibleu.com\/fr\/#website\",\"url\":\"https:\/\/www.campingepibleu.com\/fr\/\",\"name\":\"Camping Epi Bleu\",\"description\":\"Camping Epi Bleu\",\"publisher\":{\"@id\":\"https:\/\/www.campingepibleu.com\/fr\/#organization\"},\"potentialAction\":[{\"@type\":\"SearchAction\",\"target\":{\"@type\":\"EntryPoint\",\"urlTemplate\":\"https:\/\/www.campingepibleu.com\/fr\/?s={search_term_string}\"},\"query-input\":\"required name=search_term_string\"}],\"inLanguage\":\"fr-FR\"},{\"@type\":\"Organization\",\"@id\":\"https:\/\/www.campingepibleu.com\/fr\/#organization\",\"name\":\"Camping Epi Bleu\",\"url\":\"https:\/\/www.campingepibleu.com\/fr\/\",\"logo\":{\"@type\":\"ImageObject\",\"inLanguage\":\"fr-FR\",\"@id\":\"https:\/\/www.campingepibleu.com\/fr\/#\/schema\/logo\/image\/\",\"url\":\"https:\/\/www.campingepibleu.com\/wp-content\/uploads\/2022\/08\/logo.png\",\"contentUrl\":\"https:\/\/www.campingepibleu.com\/wp-content\/uploads\/2022\/08\/logo.png\",\"width\":262,\"height\":162,\"caption\":\"Camping Epi Bleu\"},\"image\":{\"@id\":\"https:\/\/www.campingepibleu.com\/fr\/#\/schema\/logo\/image\/\"},\"sameAs\":[\"https:\/\/www.facebook.com\/CAMPING-CARAVANING-lEPI-BLEU--265609693477491\/\",\"https:\/\/www.youtube.com\/watch?v=pfc5cAK9aKI\"]},{\"@type\":\"Person\",\"@id\":\"https:\/\/www.campingepibleu.com\/fr\/#\/schema\/person\/5b63b4b80bdebc00044563432229e186\",\"name\":\"@dmin64\",\"image\":{\"@type\":\"ImageObject\",\"inLanguage\":\"fr-FR\",\"@id\":\"https:\/\/www.campingepibleu.com\/fr\/#\/schema\/person\/image\/\",\"url\":\"https:\/\/secure.gravatar.com\/avatar\/b394e2a30fb6847809693d5b3d93e6c8?s=96&d=mm&r=g\",\"contentUrl\":\"https:\/\/secure.gravatar.com\/avatar\/b394e2a30fb6847809693d5b3d93e6c8?s=96&d=mm&r=g\",\"caption\":\"@dmin64\"}}]}<\/script>\n<!-- \/ Yoast SEO plugin. -->","yoast_head_json":{"title":"Fete Luberon : Agenda des f\u00eates et \u00e9v\u00e8nements dans le Lub\u00e9ron","description":"Envie d'assister \u00e0 un \u00e9v\u00e8nement ou une fete dans le Lub\u00e9ron ? D\u00e9couvrez l'agenda des f\u00eates et \u00e9v\u00e8ements du Lub\u00e9ron pour vos vacances !","robots":{"index":"index","follow":"follow","max-snippet":"max-snippet:-1","max-image-preview":"max-image-preview:large","max-video-preview":"max-video-preview:-1"},"canonical":"https:\/\/www.campingepibleu.com\/fr\/actualites\/agenda-des-manifestations-dans-le-luberon\/","og_locale":"fr_FR","og_type":"article","og_title":"Fete Luberon : Agenda des f\u00eates et \u00e9v\u00e8nements dans le Lub\u00e9ron","og_description":"Envie d'assister \u00e0 un \u00e9v\u00e8nement ou une fete dans le Lub\u00e9ron ? D\u00e9couvrez l'agenda des f\u00eates et \u00e9v\u00e8ements du Lub\u00e9ron pour vos vacances !","og_url":"https:\/\/www.campingepibleu.com\/fr\/actualites\/agenda-des-manifestations-dans-le-luberon\/","og_site_name":"Camping Epi Bleu","article_publisher":"https:\/\/www.facebook.com\/CAMPING-CARAVANING-lEPI-BLEU--265609693477491\/","article_published_time":"2020-06-15T13:38:28+00:00","article_modified_time":"2020-06-17T12:55:26+00:00","og_image":[{"width":1905,"height":471,"url":"https:\/\/www.campingepibleu.com\/wp-content\/uploads\/2020\/06\/fete-luberon.jpg","type":"image\/jpeg"}],"author":"@dmin64","twitter_card":"summary_large_image","twitter_misc":{"\u00c9crit par":"@dmin64","Dur\u00e9e de lecture estim\u00e9e":"4 minutes"},"schema":{"@context":"https:\/\/schema.org","@graph":[{"@type":"Article","@id":"https:\/\/www.campingepibleu.com\/fr\/actualites\/agenda-des-manifestations-dans-le-luberon\/#article","isPartOf":{"@id":"https:\/\/www.campingepibleu.com\/fr\/actualites\/agenda-des-manifestations-dans-le-luberon\/"},"author":{"name":"@dmin64","@id":"https:\/\/www.campingepibleu.com\/fr\/#\/schema\/person\/5b63b4b80bdebc00044563432229e186"},"headline":"Agenda des manifestations dans le Lub\u00e9ron","datePublished":"2020-06-15T13:38:28+00:00","dateModified":"2020-06-17T12:55:26+00:00","mainEntityOfPage":{"@id":"https:\/\/www.campingepibleu.com\/fr\/actualites\/agenda-des-manifestations-dans-le-luberon\/"},"wordCount":810,"publisher":{"@id":"https:\/\/www.campingepibleu.com\/fr\/#organization"},"articleSection":["Actualit\u00e9s"],"inLanguage":"fr-FR"},{"@type":"WebPage","@id":"https:\/\/www.campingepibleu.com\/fr\/actualites\/agenda-des-manifestations-dans-le-luberon\/","url":"https:\/\/www.campingepibleu.com\/fr\/actualites\/agenda-des-manifestations-dans-le-luberon\/","name":"Fete Luberon : Agenda des f\u00eates et \u00e9v\u00e8nements dans le Lub\u00e9ron","isPartOf":{"@id":"https:\/\/www.campingepibleu.com\/fr\/#website"},"datePublished":"2020-06-15T13:38:28+00:00","dateModified":"2020-06-17T12:55:26+00:00","description":"Envie d'assister \u00e0 un \u00e9v\u00e8nement ou une fete dans le Lub\u00e9ron ? D\u00e9couvrez l'agenda des f\u00eates et \u00e9v\u00e8ements du Lub\u00e9ron pour vos vacances !","breadcrumb":{"@id":"https:\/\/www.campingepibleu.com\/fr\/actualites\/agenda-des-manifestations-dans-le-luberon\/#breadcrumb"},"inLanguage":"fr-FR","potentialAction":[{"@type":"ReadAction","target":["https:\/\/www.campingepibleu.com\/fr\/actualites\/agenda-des-manifestations-dans-le-luberon\/"]}]},{"@type":"BreadcrumbList","@id":"https:\/\/www.campingepibleu.com\/fr\/actualites\/agenda-des-manifestations-dans-le-luberon\/#breadcrumb","itemListElement":[{"@type":"ListItem","position":1,"name":"Camping Luberon","item":"https:\/\/www.campingepibleu.com\/fr\/"},{"@type":"ListItem","position":2,"name":"Actualit\u00e9s","item":"https:\/\/www.campingepibleu.com\/fr\/actualites\/"},{"@type":"ListItem","position":3,"name":"Agenda des manifestations dans le Lub\u00e9ron"}]},{"@type":"WebSite","@id":"https:\/\/www.campingepibleu.com\/fr\/#website","url":"https:\/\/www.campingepibleu.com\/fr\/","name":"Camping Epi Bleu","description":"Camping Epi Bleu","publisher":{"@id":"https:\/\/www.campingepibleu.com\/fr\/#organization"},"potentialAction":[{"@type":"SearchAction","target":{"@type":"EntryPoint","urlTemplate":"https:\/\/www.campingepibleu.com\/fr\/?s={search_term_string}"},"query-input":"required name=search_term_string"}],"inLanguage":"fr-FR"},{"@type":"Organization","@id":"https:\/\/www.campingepibleu.com\/fr\/#organization","name":"Camping Epi Bleu","url":"https:\/\/www.campingepibleu.com\/fr\/","logo":{"@type":"ImageObject","inLanguage":"fr-FR","@id":"https:\/\/www.campingepibleu.com\/fr\/#\/schema\/logo\/image\/","url":"https:\/\/www.campingepibleu.com\/wp-content\/uploads\/2022\/08\/logo.png","contentUrl":"https:\/\/www.campingepibleu.com\/wp-content\/uploads\/2022\/08\/logo.png","width":262,"height":162,"caption":"Camping Epi Bleu"},"image":{"@id":"https:\/\/www.campingepibleu.com\/fr\/#\/schema\/logo\/image\/"},"sameAs":["https:\/\/www.facebook.com\/CAMPING-CARAVANING-lEPI-BLEU--265609693477491\/","https:\/\/www.youtube.com\/watch?v=pfc5cAK9aKI"]},{"@type":"Person","@id":"https:\/\/www.campingepibleu.com\/fr\/#\/schema\/person\/5b63b4b80bdebc00044563432229e186","name":"@dmin64","image":{"@type":"ImageObject","inLanguage":"fr-FR","@id":"https:\/\/www.campingepibleu.com\/fr\/#\/schema\/person\/image\/","url":"https:\/\/secure.gravatar.com\/avatar\/b394e2a30fb6847809693d5b3d93e6c8?s=96&d=mm&r=g","contentUrl":"https:\/\/secure.gravatar.com\/avatar\/b394e2a30fb6847809693d5b3d93e6c8?s=96&d=mm&r=g","caption":"@dmin64"}}]}},"_links":{"self":[{"href":"https:\/\/www.campingepibleu.com\/fr\/wp-json\/wp\/v2\/posts\/1863"}],"collection":[{"href":"https:\/\/www.campingepibleu.com\/fr\/wp-json\/wp\/v2\/posts"}],"about":[{"href":"https:\/\/www.campingepibleu.com\/fr\/wp-json\/wp\/v2\/types\/post"}],"author":[{"embeddable":true,"href":"https:\/\/www.campingepibleu.com\/fr\/wp-json\/wp\/v2\/users\/2"}],"replies":[{"embeddable":true,"href":"https:\/\/www.campingepibleu.com\/fr\/wp-json\/wp\/v2\/comments?post=1863"}],"version-history":[{"count":2,"href":"https:\/\/www.campingepibleu.com\/fr\/wp-json\/wp\/v2\/posts\/1863\/revisions"}],"predecessor-version":[{"id":1894,"href":"https:\/\/www.campingepibleu.com\/fr\/wp-json\/wp\/v2\/posts\/1863\/revisions\/1894"}],"wp:featuredmedia":[{"embeddable":true,"href":"https:\/\/www.campingepibleu.com\/fr\/wp-json\/wp\/v2\/media\/1864"}],"wp:attachment":[{"href":"https:\/\/www.campingepibleu.com\/fr\/wp-json\/wp\/v2\/media?parent=1863"}],"wp:term":[{"taxonomy":"category","embeddable":true,"href":"https:\/\/www.campingepibleu.com\/fr\/wp-json\/wp\/v2\/categories?post=1863"},{"taxonomy":"post_tag","embeddable":true,"href":"https:\/\/www.campingepibleu.com\/fr\/wp-json\/wp\/v2\/tags?post=1863"}],"curies":[{"name":"wp","href":"https:\/\/api.w.org\/{rel}","templated":true}]}}